{"id":14740,"date":"2024-09-20T17:37:00","date_gmt":"2024-09-20T17:37:00","guid":{"rendered":"https:\/\/bt-staging.flywheelsites.com\/faits-amusants-vendredi\/"},"modified":"2024-11-16T06:24:23","modified_gmt":"2024-11-16T06:24:23","slug":"faits-amusants-vendredi","status":"publish","type":"post","link":"https:\/\/ballettech.org\/fr\/faits-amusants-vendredi\/","title":{"rendered":"Faits amusants vendredi&nbsp;!"},"content":{"rendered":"\n<figure class=\"wp-block-image size-large\"><img decoding=\"async\" src=\"https:\/\/ballettech.org\/wp-content\/uploads\/2024\/10\/460903630_916973093798286_6944192587541990621_n-1024x1024.jpg\" alt=\"\" class=\"wp-image-11216\"><\/figure>\n\n\n\n<p>Saviez-vous que lorsqu\u2019Eliot Feld a fond\u00e9 l\u2019\u00e9cole de Ballet Tech en 1978, elle s\u2019appelait The New Ballet School ? La New Ballet School a fonctionn\u00e9 de la m\u00eame mani\u00e8re que notre programme actuel d\u2019introduction au ballet, qui, au cours de sa premi\u00e8re ann\u00e9e, impliquait le transport en bus de 138 \u00e9tudiants de 8 \u00e9coles primaires diff\u00e9rentes pour suivre des cours de ballet d\u00e9butants dans les studios de Ballet Tech.<\/p>\n\n\n\n<p>Mais \u00e0 mesure que les \u00e9tudiants vieillissaient et que leur formation prenait plus de temps, il est devenu \u00e9vident qu\u2019il serait plus efficace que les \u00e9tudes et la formation en danse puissent avoir lieu dans le m\u00eame b\u00e2timent.<\/p>\n\n\n\n<p>L\u2019excellente r\u00e9putation de l\u2019\u00e9cole en tant qu\u2019acad\u00e9mie de danse gratuite a conduit \u00e0 un partenariat sans pr\u00e9c\u00e9dent avec le minist\u00e8re de l\u2019\u00c9ducation de New York. \u00c0 partir de l\u2019automne 1995, les \u00e9tudiants de Ballet Tech ont pu suivre des cours acad\u00e9miques et de danse sous un m\u00eame toit, ce qui leur a permis de se concentrer plus facilement sur leurs \u00e9tudes en classe et en studio. C\u2019est le mod\u00e8le que nous continuons d\u2019utiliser \u00e0 ce jour.<\/p>\n\n\n\n<p>Voici quelques images de la premi\u00e8re journ\u00e9e d\u2019\u00e9tudes acad\u00e9miques sur place en 1995 et deux photos de Roseanne Caruso enseignant la danse \u00e0 la New Ballet School dans les ann\u00e9es 80.<\/p>\n\n\n\n<figure class=\"wp-block-image size-large\"><img decoding=\"async\" src=\"https:\/\/ballettech.org\/wp-content\/uploads\/2024\/10\/460728605_916973050464957_478665304071169765_n-1024x1024.jpg\" alt=\"\" class=\"wp-image-11215\"><\/figure>\n\n\n\n<figure class=\"wp-block-image size-large\"><img decoding=\"async\" src=\"https:\/\/ballettech.org\/wp-content\/uploads\/2024\/10\/460920088_916973120464950_3280337006803141882_n-1024x1024.jpg\" alt=\"\" class=\"wp-image-11217\"><\/figure>\n\n\n\n<figure class=\"wp-block-image size-large\"><img decoding=\"async\" src=\"https:\/\/ballettech.org\/wp-content\/uploads\/2024\/10\/460868749_916992500463012_581802062540012693_n-1024x1024.jpg\" alt=\"\" class=\"wp-image-11218\"><\/figure>\n\n\n\n<figure class=\"wp-block-image size-large\"><img decoding=\"async\" src=\"https:\/\/ballettech.org\/wp-content\/uploads\/2024\/10\/460769697_916992497129679_3030074364540846699_n-1024x1024.jpg\" alt=\"\" class=\"wp-image-11219\"><\/figure>\n\n\n\n<figure class=\"wp-block-image size-large\"><img decoding=\"async\" src=\"https:\/\/ballettech.org\/wp-content\/uploads\/2024\/10\/460718169_916973083798287_4385837942498762792_n-1024x1024.jpg\" alt=\"\" class=\"wp-image-11220\"><\/figure>\n\n\n\n<figure class=\"wp-block-image size-large\"><img decoding=\"async\" src=\"https:\/\/ballettech.org\/wp-content\/uploads\/2024\/10\/460840030_916973087131620_6067328596389811757_n-1024x1024.jpg\" alt=\"\" class=\"wp-image-11221\"><\/figure>\n\n\n\n<figure class=\"wp-block-image size-large\"><img decoding=\"async\" src=\"https:\/\/ballettech.org\/wp-content\/uploads\/2024\/10\/460848814_916992513796344_4469741197527351053_n-1024x1024.jpg\" alt=\"\" class=\"wp-image-11222\"><\/figure>\n","protected":false},"excerpt":{"rendered":"<p>Saviez-vous que lorsqu\u2019Eliot Feld a fond\u00e9 l\u2019\u00e9cole de Ballet Tech en 1978, elle s\u2019appelait The New Ballet School ? La New Ballet School a fonctionn\u00e9 de la m\u00eame mani\u00e8re que [&hellip;]<\/p>\n","protected":false},"author":3,"featured_media":14744,"comment_status":"open","ping_status":"open","sticky":false,"template":"","format":"standard","meta":{"_acf_changed":false,"footnotes":""},"categories":[41],"tags":[],"class_list":["post-14740","post","type-post","status-publish","format-standard","has-post-thumbnail","hentry","category-non-classifiee"],"acf":[],"yoast_head":"<!-- This site is optimized with the Yoast SEO plugin v26.9 - https:\/\/yoast.com\/product\/yoast-seo-wordpress\/ -->\n<title>Faits amusants vendredi&nbsp;! - Ballet Tech<\/title>\n<meta name=\"description\" content=\"Saviez-vous que lorsqu\u2019Eliot Feld a fond\u00e9 l\u2019\u00e9cole de Ballet Tech en 1978, elle s\u2019appelait The New Ballet School ?\" \/>\n<meta name=\"robots\" content=\"index, follow, max-snippet:-1, max-image-preview:large, max-video-preview:-1\" \/>\n<link rel=\"canonical\" href=\"https:\/\/ballettech.org\/fun-fact-friday\/\" \/>\n<meta property=\"og:locale\" content=\"fr_FR\" \/>\n<meta property=\"og:type\" content=\"article\" \/>\n<meta property=\"og:title\" content=\"Faits amusants vendredi&nbsp;! - Ballet Tech\" \/>\n<meta property=\"og:description\" content=\"Saviez-vous que lorsqu\u2019Eliot Feld a fond\u00e9 l\u2019\u00e9cole de Ballet Tech en 1978, elle s\u2019appelait The New Ballet School ?\" \/>\n<meta property=\"og:url\" content=\"https:\/\/ballettech.org\/fun-fact-friday\/\" \/>\n<meta property=\"og:site_name\" content=\"Ballet Tech\" \/>\n<meta property=\"article:publisher\" content=\"https:\/\/www.facebook.com\/ballettech\/\" \/>\n<meta property=\"article:published_time\" content=\"2024-09-20T17:37:00+00:00\" \/>\n<meta property=\"article:modified_time\" content=\"2024-11-16T06:24:23+00:00\" \/>\n<meta property=\"og:image\" content=\"https:\/\/ballettech.org\/wp-content\/uploads\/2024\/10\/460903630_916973093798286_6944192587541990621_n.jpg\" \/>\n\t<meta property=\"og:image:width\" content=\"1080\" \/>\n\t<meta property=\"og:image:height\" content=\"1080\" \/>\n\t<meta property=\"og:image:type\" content=\"image\/jpeg\" \/>\n<meta name=\"author\" content=\"sharonbach\" \/>\n<meta name=\"twitter:card\" content=\"summary_large_image\" \/>\n<meta name=\"twitter:label1\" content=\"Written by\" \/>\n\t<meta name=\"twitter:data1\" content=\"sharonbach\" \/>\n\t<meta name=\"twitter:label2\" content=\"Est. reading time\" \/>\n\t<meta name=\"twitter:data2\" content=\"1 minute\" \/>\n<script type=\"application\/ld+json\" class=\"yoast-schema-graph\">{\"@context\":\"https:\/\/schema.org\",\"@graph\":[{\"@type\":\"Article\",\"@id\":\"https:\/\/ballettech.org\/fun-fact-friday\/#article\",\"isPartOf\":{\"@id\":\"https:\/\/ballettech.org\/fun-fact-friday\/\"},\"author\":{\"name\":\"sharonbach\",\"@id\":\"https:\/\/ballettech.org\/#\/schema\/person\/b818e504304709556a9620515c616990\"},\"headline\":\"Faits amusants vendredi&nbsp;!\",\"datePublished\":\"2024-09-20T17:37:00+00:00\",\"dateModified\":\"2024-11-16T06:24:23+00:00\",\"mainEntityOfPage\":{\"@id\":\"https:\/\/ballettech.org\/fun-fact-friday\/\"},\"wordCount\":239,\"commentCount\":0,\"publisher\":{\"@id\":\"https:\/\/ballettech.org\/#organization\"},\"image\":{\"@id\":\"https:\/\/ballettech.org\/fun-fact-friday\/#primaryimage\"},\"thumbnailUrl\":\"https:\/\/ballettech.org\/app\/uploads\/2024\/10\/460903630_916973093798286_6944192587541990621_n.jpg\",\"articleSection\":[\"Non classifi\u00e9(e)\"],\"inLanguage\":\"fr-FR\",\"potentialAction\":[{\"@type\":\"CommentAction\",\"name\":\"Comment\",\"target\":[\"https:\/\/ballettech.org\/fun-fact-friday\/#respond\"]}]},{\"@type\":\"WebPage\",\"@id\":\"https:\/\/ballettech.org\/fun-fact-friday\/\",\"url\":\"https:\/\/ballettech.org\/fun-fact-friday\/\",\"name\":\"Faits amusants vendredi&nbsp;! - Ballet Tech\",\"isPartOf\":{\"@id\":\"https:\/\/ballettech.org\/#website\"},\"primaryImageOfPage\":{\"@id\":\"https:\/\/ballettech.org\/fun-fact-friday\/#primaryimage\"},\"image\":{\"@id\":\"https:\/\/ballettech.org\/fun-fact-friday\/#primaryimage\"},\"thumbnailUrl\":\"https:\/\/ballettech.org\/app\/uploads\/2024\/10\/460903630_916973093798286_6944192587541990621_n.jpg\",\"datePublished\":\"2024-09-20T17:37:00+00:00\",\"dateModified\":\"2024-11-16T06:24:23+00:00\",\"description\":\"Saviez-vous que lorsqu\u2019Eliot Feld a fond\u00e9 l\u2019\u00e9cole de Ballet Tech en 1978, elle s\u2019appelait The New Ballet School ?\",\"breadcrumb\":{\"@id\":\"https:\/\/ballettech.org\/fun-fact-friday\/#breadcrumb\"},\"inLanguage\":\"fr-FR\",\"potentialAction\":[{\"@type\":\"ReadAction\",\"target\":[\"https:\/\/ballettech.org\/fun-fact-friday\/\"]}]},{\"@type\":\"ImageObject\",\"inLanguage\":\"fr-FR\",\"@id\":\"https:\/\/ballettech.org\/fun-fact-friday\/#primaryimage\",\"url\":\"https:\/\/ballettech.org\/app\/uploads\/2024\/10\/460903630_916973093798286_6944192587541990621_n.jpg\",\"contentUrl\":\"https:\/\/ballettech.org\/app\/uploads\/2024\/10\/460903630_916973093798286_6944192587541990621_n.jpg\",\"width\":1080,\"height\":1080},{\"@type\":\"BreadcrumbList\",\"@id\":\"https:\/\/ballettech.org\/fun-fact-friday\/#breadcrumb\",\"itemListElement\":[{\"@type\":\"ListItem\",\"position\":1,\"name\":\"Home\",\"item\":\"https:\/\/ballettech.org\/fr\/domicile\/\"},{\"@type\":\"ListItem\",\"position\":2,\"name\":\"Faits amusants vendredi&nbsp;!\"}]},{\"@type\":\"WebSite\",\"@id\":\"https:\/\/ballettech.org\/#website\",\"url\":\"https:\/\/ballettech.org\/\",\"name\":\"Ballet Tech - The NYC Public School for Dance\",\"description\":\"The NYC Public School for Dance\",\"publisher\":{\"@id\":\"https:\/\/ballettech.org\/#organization\"},\"potentialAction\":[{\"@type\":\"SearchAction\",\"target\":{\"@type\":\"EntryPoint\",\"urlTemplate\":\"https:\/\/ballettech.org\/?s={search_term_string}\"},\"query-input\":{\"@type\":\"PropertyValueSpecification\",\"valueRequired\":true,\"valueName\":\"search_term_string\"}}],\"inLanguage\":\"fr-FR\"},{\"@type\":\"Organization\",\"@id\":\"https:\/\/ballettech.org\/#organization\",\"name\":\"Ballet Tech School\",\"url\":\"https:\/\/ballettech.org\/\",\"logo\":{\"@type\":\"ImageObject\",\"inLanguage\":\"fr-FR\",\"@id\":\"https:\/\/ballettech.org\/#\/schema\/logo\/image\/\",\"url\":\"https:\/\/ballettech.org\/app\/uploads\/2024\/08\/logo-BT-full-1.png\",\"contentUrl\":\"https:\/\/ballettech.org\/app\/uploads\/2024\/08\/logo-BT-full-1.png\",\"width\":376,\"height\":129,\"caption\":\"Ballet Tech School\"},\"image\":{\"@id\":\"https:\/\/ballettech.org\/#\/schema\/logo\/image\/\"},\"sameAs\":[\"https:\/\/www.facebook.com\/ballettech\/\",\"https:\/\/www.youtube.com\/channel\/UCl7ro3fdsQ1MU3ZULekOpJQ\"]},{\"@type\":\"Person\",\"@id\":\"https:\/\/ballettech.org\/#\/schema\/person\/b818e504304709556a9620515c616990\",\"name\":\"sharonbach\",\"image\":{\"@type\":\"ImageObject\",\"inLanguage\":\"fr-FR\",\"@id\":\"https:\/\/ballettech.org\/#\/schema\/person\/image\/\",\"url\":\"https:\/\/secure.gravatar.com\/avatar\/f37cf9ec04d142b20fc00c4c0dd247f7d143ec22a4a78f4ee9a56945747082ad?s=96&d=mm&r=g\",\"contentUrl\":\"https:\/\/secure.gravatar.com\/avatar\/f37cf9ec04d142b20fc00c4c0dd247f7d143ec22a4a78f4ee9a56945747082ad?s=96&d=mm&r=g\",\"caption\":\"sharonbach\"},\"url\":\"https:\/\/ballettech.org\/fr\/author\/sharonbach\/\"}]}<\/script>\n<!-- \/ Yoast SEO plugin. -->","yoast_head_json":{"title":"Faits amusants vendredi&nbsp;! - Ballet Tech","description":"Saviez-vous que lorsqu\u2019Eliot Feld a fond\u00e9 l\u2019\u00e9cole de Ballet Tech en 1978, elle s\u2019appelait The New Ballet School ?","robots":{"index":"index","follow":"follow","max-snippet":"max-snippet:-1","max-image-preview":"max-image-preview:large","max-video-preview":"max-video-preview:-1"},"canonical":"https:\/\/ballettech.org\/fun-fact-friday\/","og_locale":"fr_FR","og_type":"article","og_title":"Faits amusants vendredi&nbsp;! - Ballet Tech","og_description":"Saviez-vous que lorsqu\u2019Eliot Feld a fond\u00e9 l\u2019\u00e9cole de Ballet Tech en 1978, elle s\u2019appelait The New Ballet School ?","og_url":"https:\/\/ballettech.org\/fun-fact-friday\/","og_site_name":"Ballet Tech","article_publisher":"https:\/\/www.facebook.com\/ballettech\/","article_published_time":"2024-09-20T17:37:00+00:00","article_modified_time":"2024-11-16T06:24:23+00:00","og_image":[{"width":1080,"height":1080,"url":"https:\/\/ballettech.org\/wp-content\/uploads\/2024\/10\/460903630_916973093798286_6944192587541990621_n.jpg","type":"image\/jpeg"}],"author":"sharonbach","twitter_card":"summary_large_image","twitter_misc":{"Written by":"sharonbach","Est. reading time":"1 minute"},"schema":{"@context":"https:\/\/schema.org","@graph":[{"@type":"Article","@id":"https:\/\/ballettech.org\/fun-fact-friday\/#article","isPartOf":{"@id":"https:\/\/ballettech.org\/fun-fact-friday\/"},"author":{"name":"sharonbach","@id":"https:\/\/ballettech.org\/#\/schema\/person\/b818e504304709556a9620515c616990"},"headline":"Faits amusants vendredi&nbsp;!","datePublished":"2024-09-20T17:37:00+00:00","dateModified":"2024-11-16T06:24:23+00:00","mainEntityOfPage":{"@id":"https:\/\/ballettech.org\/fun-fact-friday\/"},"wordCount":239,"commentCount":0,"publisher":{"@id":"https:\/\/ballettech.org\/#organization"},"image":{"@id":"https:\/\/ballettech.org\/fun-fact-friday\/#primaryimage"},"thumbnailUrl":"https:\/\/ballettech.org\/app\/uploads\/2024\/10\/460903630_916973093798286_6944192587541990621_n.jpg","articleSection":["Non classifi\u00e9(e)"],"inLanguage":"fr-FR","potentialAction":[{"@type":"CommentAction","name":"Comment","target":["https:\/\/ballettech.org\/fun-fact-friday\/#respond"]}]},{"@type":"WebPage","@id":"https:\/\/ballettech.org\/fun-fact-friday\/","url":"https:\/\/ballettech.org\/fun-fact-friday\/","name":"Faits amusants vendredi&nbsp;! - Ballet Tech","isPartOf":{"@id":"https:\/\/ballettech.org\/#website"},"primaryImageOfPage":{"@id":"https:\/\/ballettech.org\/fun-fact-friday\/#primaryimage"},"image":{"@id":"https:\/\/ballettech.org\/fun-fact-friday\/#primaryimage"},"thumbnailUrl":"https:\/\/ballettech.org\/app\/uploads\/2024\/10\/460903630_916973093798286_6944192587541990621_n.jpg","datePublished":"2024-09-20T17:37:00+00:00","dateModified":"2024-11-16T06:24:23+00:00","description":"Saviez-vous que lorsqu\u2019Eliot Feld a fond\u00e9 l\u2019\u00e9cole de Ballet Tech en 1978, elle s\u2019appelait The New Ballet School ?","breadcrumb":{"@id":"https:\/\/ballettech.org\/fun-fact-friday\/#breadcrumb"},"inLanguage":"fr-FR","potentialAction":[{"@type":"ReadAction","target":["https:\/\/ballettech.org\/fun-fact-friday\/"]}]},{"@type":"ImageObject","inLanguage":"fr-FR","@id":"https:\/\/ballettech.org\/fun-fact-friday\/#primaryimage","url":"https:\/\/ballettech.org\/app\/uploads\/2024\/10\/460903630_916973093798286_6944192587541990621_n.jpg","contentUrl":"https:\/\/ballettech.org\/app\/uploads\/2024\/10\/460903630_916973093798286_6944192587541990621_n.jpg","width":1080,"height":1080},{"@type":"BreadcrumbList","@id":"https:\/\/ballettech.org\/fun-fact-friday\/#breadcrumb","itemListElement":[{"@type":"ListItem","position":1,"name":"Home","item":"https:\/\/ballettech.org\/fr\/domicile\/"},{"@type":"ListItem","position":2,"name":"Faits amusants vendredi&nbsp;!"}]},{"@type":"WebSite","@id":"https:\/\/ballettech.org\/#website","url":"https:\/\/ballettech.org\/","name":"Ballet Tech - The NYC Public School for Dance","description":"The NYC Public School for Dance","publisher":{"@id":"https:\/\/ballettech.org\/#organization"},"potentialAction":[{"@type":"SearchAction","target":{"@type":"EntryPoint","urlTemplate":"https:\/\/ballettech.org\/?s={search_term_string}"},"query-input":{"@type":"PropertyValueSpecification","valueRequired":true,"valueName":"search_term_string"}}],"inLanguage":"fr-FR"},{"@type":"Organization","@id":"https:\/\/ballettech.org\/#organization","name":"Ballet Tech School","url":"https:\/\/ballettech.org\/","logo":{"@type":"ImageObject","inLanguage":"fr-FR","@id":"https:\/\/ballettech.org\/#\/schema\/logo\/image\/","url":"https:\/\/ballettech.org\/app\/uploads\/2024\/08\/logo-BT-full-1.png","contentUrl":"https:\/\/ballettech.org\/app\/uploads\/2024\/08\/logo-BT-full-1.png","width":376,"height":129,"caption":"Ballet Tech School"},"image":{"@id":"https:\/\/ballettech.org\/#\/schema\/logo\/image\/"},"sameAs":["https:\/\/www.facebook.com\/ballettech\/","https:\/\/www.youtube.com\/channel\/UCl7ro3fdsQ1MU3ZULekOpJQ"]},{"@type":"Person","@id":"https:\/\/ballettech.org\/#\/schema\/person\/b818e504304709556a9620515c616990","name":"sharonbach","image":{"@type":"ImageObject","inLanguage":"fr-FR","@id":"https:\/\/ballettech.org\/#\/schema\/person\/image\/","url":"https:\/\/secure.gravatar.com\/avatar\/f37cf9ec04d142b20fc00c4c0dd247f7d143ec22a4a78f4ee9a56945747082ad?s=96&d=mm&r=g","contentUrl":"https:\/\/secure.gravatar.com\/avatar\/f37cf9ec04d142b20fc00c4c0dd247f7d143ec22a4a78f4ee9a56945747082ad?s=96&d=mm&r=g","caption":"sharonbach"},"url":"https:\/\/ballettech.org\/fr\/author\/sharonbach\/"}]}},"_links":{"self":[{"href":"https:\/\/ballettech.org\/fr\/wp-json\/wp\/v2\/posts\/14740","targetHints":{"allow":["GET"]}}],"collection":[{"href":"https:\/\/ballettech.org\/fr\/wp-json\/wp\/v2\/posts"}],"about":[{"href":"https:\/\/ballettech.org\/fr\/wp-json\/wp\/v2\/types\/post"}],"author":[{"embeddable":true,"href":"https:\/\/ballettech.org\/fr\/wp-json\/wp\/v2\/users\/3"}],"replies":[{"embeddable":true,"href":"https:\/\/ballettech.org\/fr\/wp-json\/wp\/v2\/comments?post=14740"}],"version-history":[{"count":1,"href":"https:\/\/ballettech.org\/fr\/wp-json\/wp\/v2\/posts\/14740\/revisions"}],"predecessor-version":[{"id":14758,"href":"https:\/\/ballettech.org\/fr\/wp-json\/wp\/v2\/posts\/14740\/revisions\/14758"}],"wp:featuredmedia":[{"embeddable":true,"href":"https:\/\/ballettech.org\/fr\/wp-json\/wp\/v2\/media\/14744"}],"wp:attachment":[{"href":"https:\/\/ballettech.org\/fr\/wp-json\/wp\/v2\/media?parent=14740"}],"wp:term":[{"taxonomy":"category","embeddable":true,"href":"https:\/\/ballettech.org\/fr\/wp-json\/wp\/v2\/categories?post=14740"},{"taxonomy":"post_tag","embeddable":true,"href":"https:\/\/ballettech.org\/fr\/wp-json\/wp\/v2\/tags?post=14740"}],"curies":[{"name":"wp","href":"https:\/\/api.w.org\/{rel}","templated":true}]}}