{"id":14730,"date":"2024-09-20T17:37:00","date_gmt":"2024-09-20T17:37:00","guid":{"rendered":"https:\/\/bt-staging.flywheelsites.com\/reyalite-vandredi\/"},"modified":"2024-11-16T06:24:17","modified_gmt":"2024-11-16T06:24:17","slug":"reyalite-vandredi","status":"publish","type":"post","link":"https:\/\/ballettech.org\/ht\/reyalite-vandredi\/","title":{"rendered":"Reyalite Vandredi!"},"content":{"rendered":"\n<figure class=\"wp-block-image size-large\"><img decoding=\"async\" src=\"https:\/\/ballettech.org\/wp-content\/uploads\/2024\/10\/460903630_916973093798286_6944192587541990621_n-1024x1024.jpg\" alt=\"\" class=\"wp-image-11216\"><\/figure>\n\n\n\n<p>\u00c8ske w te konnen l\u00e8 Eliot Feld te fonde lek\u00f2l Ballet Tech la an 1978, yo te rele l nouvo lek\u00f2l Ballet? Nouvo Lek\u00f2l Ballet la te opere menm jan ak Entwodiksyon akty\u00e8l nou an nan pwogram Ballet, ki nan premye ane li yo ki enplike otobis 138 el\u00e8v ki soti nan 8 diferan lek\u00f2l elemant\u00e8 yo pran debutan nan estidyo Ballet Tech la.<\/p>\n\n\n\n<p>Men, k\u00f2m el\u00e8v yo te grandi pi gran ak f\u00f2masyon yo te vin pi entansif, li te vin kl\u00e8 ke li ta pi efikas si akademik ak dans f\u00f2masyon ka rive nan menm bilding lan.<\/p>\n\n\n\n<p>Repitasyon ekselan lek\u00f2l la k\u00f2m akademi dans ekolaj gratis mennen nan yon patenarya san par\u00e8y ak Depatman Edikasyon Vil New York. K\u00f2manse nan sezon ot\u00f2n la nan 1995, el\u00e8v Ballet Tech teknoloji te kapab pran klas akademik ak dans tout anba yon do-kay, ki f\u00e8 li pi fasil pou yo konsantre sou etid yo tou de nan salklas la ak nan estidyo an. Sa se mod\u00e8l la nou kontinye itilize nan jou sa a.<\/p>\n\n\n\n<p>Men k\u00e8k imaj ki soti nan premye jou etid akademik sou plas nan 1995 ak de foto roseanne Caruso anseye dans nan Nouvo Lek\u00f2l Ballet nan 80 la.<\/p>\n\n\n\n<figure class=\"wp-block-image size-large\"><img decoding=\"async\" src=\"https:\/\/ballettech.org\/wp-content\/uploads\/2024\/10\/460728605_916973050464957_478665304071169765_n-1024x1024.jpg\" alt=\"\" class=\"wp-image-11215\"><\/figure>\n\n\n\n<figure class=\"wp-block-image size-large\"><img decoding=\"async\" src=\"https:\/\/ballettech.org\/wp-content\/uploads\/2024\/10\/460920088_916973120464950_3280337006803141882_n-1024x1024.jpg\" alt=\"\" class=\"wp-image-11217\"><\/figure>\n\n\n\n<figure class=\"wp-block-image size-large\"><img decoding=\"async\" src=\"https:\/\/ballettech.org\/wp-content\/uploads\/2024\/10\/460868749_916992500463012_581802062540012693_n-1024x1024.jpg\" alt=\"\" class=\"wp-image-11218\"><\/figure>\n\n\n\n<figure class=\"wp-block-image size-large\"><img decoding=\"async\" src=\"https:\/\/ballettech.org\/wp-content\/uploads\/2024\/10\/460769697_916992497129679_3030074364540846699_n-1024x1024.jpg\" alt=\"\" class=\"wp-image-11219\"><\/figure>\n\n\n\n<figure class=\"wp-block-image size-large\"><img decoding=\"async\" src=\"https:\/\/ballettech.org\/wp-content\/uploads\/2024\/10\/460718169_916973083798287_4385837942498762792_n-1024x1024.jpg\" alt=\"\" class=\"wp-image-11220\"><\/figure>\n\n\n\n<figure class=\"wp-block-image size-large\"><img decoding=\"async\" src=\"https:\/\/ballettech.org\/wp-content\/uploads\/2024\/10\/460840030_916973087131620_6067328596389811757_n-1024x1024.jpg\" alt=\"\" class=\"wp-image-11221\"><\/figure>\n\n\n\n<figure class=\"wp-block-image size-large\"><img decoding=\"async\" src=\"https:\/\/ballettech.org\/wp-content\/uploads\/2024\/10\/460848814_916992513796344_4469741197527351053_n-1024x1024.jpg\" alt=\"\" class=\"wp-image-11222\"><\/figure>\n","protected":false},"excerpt":{"rendered":"<p>\u00c8ske w te konnen l\u00e8 Eliot Feld te fonde lek\u00f2l Ballet Tech la an 1978, yo te rele l nouvo lek\u00f2l Ballet? Nouvo Lek\u00f2l Ballet la te opere menm jan [&hellip;]<\/p>\n","protected":false},"author":3,"featured_media":14732,"comment_status":"open","ping_status":"open","sticky":false,"template":"","format":"standard","meta":{"_acf_changed":false,"footnotes":""},"categories":[76],"tags":[],"class_list":["post-14730","post","type-post","status-publish","format-standard","has-post-thumbnail","hentry","category-uncategorized-ht"],"acf":[],"yoast_head":"<!-- This site is optimized with the Yoast SEO plugin v26.9 - https:\/\/yoast.com\/product\/yoast-seo-wordpress\/ -->\n<title>Reyalite Vandredi! - Ballet Tech<\/title>\n<meta name=\"description\" content=\"\u00c8ske w te konnen l\u00e8 Eliot Feld te fonde lek\u00f2l Ballet Tech la an 1978, yo te rele l nouvo lek\u00f2l Ballet?\" \/>\n<meta name=\"robots\" content=\"index, follow, max-snippet:-1, max-image-preview:large, max-video-preview:-1\" \/>\n<link rel=\"canonical\" href=\"https:\/\/ballettech.org\/fun-fact-friday\/\" \/>\n<meta property=\"og:locale\" content=\"ht_HT\" \/>\n<meta property=\"og:type\" content=\"article\" \/>\n<meta property=\"og:title\" content=\"Reyalite Vandredi! - Ballet Tech\" \/>\n<meta property=\"og:description\" content=\"\u00c8ske w te konnen l\u00e8 Eliot Feld te fonde lek\u00f2l Ballet Tech la an 1978, yo te rele l nouvo lek\u00f2l Ballet?\" \/>\n<meta property=\"og:url\" content=\"https:\/\/ballettech.org\/fun-fact-friday\/\" \/>\n<meta property=\"og:site_name\" content=\"Ballet Tech\" \/>\n<meta property=\"article:publisher\" content=\"https:\/\/www.facebook.com\/ballettech\/\" \/>\n<meta property=\"article:published_time\" content=\"2024-09-20T17:37:00+00:00\" \/>\n<meta property=\"article:modified_time\" content=\"2024-11-16T06:24:17+00:00\" \/>\n<meta property=\"og:image\" content=\"https:\/\/ballettech.org\/wp-content\/uploads\/2024\/10\/460903630_916973093798286_6944192587541990621_n.jpg\" \/>\n\t<meta property=\"og:image:width\" content=\"1080\" \/>\n\t<meta property=\"og:image:height\" content=\"1080\" \/>\n\t<meta property=\"og:image:type\" content=\"image\/jpeg\" \/>\n<meta name=\"author\" content=\"sharonbach\" \/>\n<meta name=\"twitter:card\" content=\"summary_large_image\" \/>\n<meta name=\"twitter:label1\" content=\"Written by\" \/>\n\t<meta name=\"twitter:data1\" content=\"sharonbach\" \/>\n\t<meta name=\"twitter:label2\" content=\"Est. reading time\" \/>\n\t<meta name=\"twitter:data2\" content=\"1 minute\" \/>\n<script type=\"application\/ld+json\" class=\"yoast-schema-graph\">{\"@context\":\"https:\/\/schema.org\",\"@graph\":[{\"@type\":\"Article\",\"@id\":\"https:\/\/ballettech.org\/fun-fact-friday\/#article\",\"isPartOf\":{\"@id\":\"https:\/\/ballettech.org\/fun-fact-friday\/\"},\"author\":{\"name\":\"sharonbach\",\"@id\":\"https:\/\/ballettech.org\/#\/schema\/person\/b818e504304709556a9620515c616990\"},\"headline\":\"Reyalite Vandredi!\",\"datePublished\":\"2024-09-20T17:37:00+00:00\",\"dateModified\":\"2024-11-16T06:24:17+00:00\",\"mainEntityOfPage\":{\"@id\":\"https:\/\/ballettech.org\/fun-fact-friday\/\"},\"wordCount\":216,\"commentCount\":0,\"publisher\":{\"@id\":\"https:\/\/ballettech.org\/#organization\"},\"image\":{\"@id\":\"https:\/\/ballettech.org\/fun-fact-friday\/#primaryimage\"},\"thumbnailUrl\":\"https:\/\/ballettech.org\/app\/uploads\/2024\/10\/460903630_916973093798286_6944192587541990621_n.jpg\",\"articleSection\":[\"Uncategorized @ht\"],\"inLanguage\":\"ht\",\"potentialAction\":[{\"@type\":\"CommentAction\",\"name\":\"Comment\",\"target\":[\"https:\/\/ballettech.org\/fun-fact-friday\/#respond\"]}]},{\"@type\":\"WebPage\",\"@id\":\"https:\/\/ballettech.org\/fun-fact-friday\/\",\"url\":\"https:\/\/ballettech.org\/fun-fact-friday\/\",\"name\":\"Reyalite Vandredi! - Ballet Tech\",\"isPartOf\":{\"@id\":\"https:\/\/ballettech.org\/#website\"},\"primaryImageOfPage\":{\"@id\":\"https:\/\/ballettech.org\/fun-fact-friday\/#primaryimage\"},\"image\":{\"@id\":\"https:\/\/ballettech.org\/fun-fact-friday\/#primaryimage\"},\"thumbnailUrl\":\"https:\/\/ballettech.org\/app\/uploads\/2024\/10\/460903630_916973093798286_6944192587541990621_n.jpg\",\"datePublished\":\"2024-09-20T17:37:00+00:00\",\"dateModified\":\"2024-11-16T06:24:17+00:00\",\"description\":\"\u00c8ske w te konnen l\u00e8 Eliot Feld te fonde lek\u00f2l Ballet Tech la an 1978, yo te rele l nouvo lek\u00f2l Ballet?\",\"breadcrumb\":{\"@id\":\"https:\/\/ballettech.org\/fun-fact-friday\/#breadcrumb\"},\"inLanguage\":\"ht\",\"potentialAction\":[{\"@type\":\"ReadAction\",\"target\":[\"https:\/\/ballettech.org\/fun-fact-friday\/\"]}]},{\"@type\":\"ImageObject\",\"inLanguage\":\"ht\",\"@id\":\"https:\/\/ballettech.org\/fun-fact-friday\/#primaryimage\",\"url\":\"https:\/\/ballettech.org\/app\/uploads\/2024\/10\/460903630_916973093798286_6944192587541990621_n.jpg\",\"contentUrl\":\"https:\/\/ballettech.org\/app\/uploads\/2024\/10\/460903630_916973093798286_6944192587541990621_n.jpg\",\"width\":1080,\"height\":1080},{\"@type\":\"BreadcrumbList\",\"@id\":\"https:\/\/ballettech.org\/fun-fact-friday\/#breadcrumb\",\"itemListElement\":[{\"@type\":\"ListItem\",\"position\":1,\"name\":\"Home\",\"item\":\"https:\/\/ballettech.org\/ht\/lakay\/\"},{\"@type\":\"ListItem\",\"position\":2,\"name\":\"Reyalite Vandredi!\"}]},{\"@type\":\"WebSite\",\"@id\":\"https:\/\/ballettech.org\/#website\",\"url\":\"https:\/\/ballettech.org\/\",\"name\":\"Ballet Tech - The NYC Public School for Dance\",\"description\":\"The NYC Public School for Dance\",\"publisher\":{\"@id\":\"https:\/\/ballettech.org\/#organization\"},\"potentialAction\":[{\"@type\":\"SearchAction\",\"target\":{\"@type\":\"EntryPoint\",\"urlTemplate\":\"https:\/\/ballettech.org\/?s={search_term_string}\"},\"query-input\":{\"@type\":\"PropertyValueSpecification\",\"valueRequired\":true,\"valueName\":\"search_term_string\"}}],\"inLanguage\":\"ht\"},{\"@type\":\"Organization\",\"@id\":\"https:\/\/ballettech.org\/#organization\",\"name\":\"Ballet Tech School\",\"url\":\"https:\/\/ballettech.org\/\",\"logo\":{\"@type\":\"ImageObject\",\"inLanguage\":\"ht\",\"@id\":\"https:\/\/ballettech.org\/#\/schema\/logo\/image\/\",\"url\":\"https:\/\/ballettech.org\/app\/uploads\/2024\/08\/logo-BT-full-1.png\",\"contentUrl\":\"https:\/\/ballettech.org\/app\/uploads\/2024\/08\/logo-BT-full-1.png\",\"width\":376,\"height\":129,\"caption\":\"Ballet Tech School\"},\"image\":{\"@id\":\"https:\/\/ballettech.org\/#\/schema\/logo\/image\/\"},\"sameAs\":[\"https:\/\/www.facebook.com\/ballettech\/\",\"https:\/\/www.youtube.com\/channel\/UCl7ro3fdsQ1MU3ZULekOpJQ\"]},{\"@type\":\"Person\",\"@id\":\"https:\/\/ballettech.org\/#\/schema\/person\/b818e504304709556a9620515c616990\",\"name\":\"sharonbach\",\"image\":{\"@type\":\"ImageObject\",\"inLanguage\":\"ht\",\"@id\":\"https:\/\/ballettech.org\/#\/schema\/person\/image\/\",\"url\":\"https:\/\/secure.gravatar.com\/avatar\/f37cf9ec04d142b20fc00c4c0dd247f7d143ec22a4a78f4ee9a56945747082ad?s=96&d=mm&r=g\",\"contentUrl\":\"https:\/\/secure.gravatar.com\/avatar\/f37cf9ec04d142b20fc00c4c0dd247f7d143ec22a4a78f4ee9a56945747082ad?s=96&d=mm&r=g\",\"caption\":\"sharonbach\"},\"url\":\"https:\/\/ballettech.org\/ht\/author\/sharonbach\/\"}]}<\/script>\n<!-- \/ Yoast SEO plugin. -->","yoast_head_json":{"title":"Reyalite Vandredi! - Ballet Tech","description":"\u00c8ske w te konnen l\u00e8 Eliot Feld te fonde lek\u00f2l Ballet Tech la an 1978, yo te rele l nouvo lek\u00f2l Ballet?","robots":{"index":"index","follow":"follow","max-snippet":"max-snippet:-1","max-image-preview":"max-image-preview:large","max-video-preview":"max-video-preview:-1"},"canonical":"https:\/\/ballettech.org\/fun-fact-friday\/","og_locale":"ht_HT","og_type":"article","og_title":"Reyalite Vandredi! - Ballet Tech","og_description":"\u00c8ske w te konnen l\u00e8 Eliot Feld te fonde lek\u00f2l Ballet Tech la an 1978, yo te rele l nouvo lek\u00f2l Ballet?","og_url":"https:\/\/ballettech.org\/fun-fact-friday\/","og_site_name":"Ballet Tech","article_publisher":"https:\/\/www.facebook.com\/ballettech\/","article_published_time":"2024-09-20T17:37:00+00:00","article_modified_time":"2024-11-16T06:24:17+00:00","og_image":[{"width":1080,"height":1080,"url":"https:\/\/ballettech.org\/wp-content\/uploads\/2024\/10\/460903630_916973093798286_6944192587541990621_n.jpg","type":"image\/jpeg"}],"author":"sharonbach","twitter_card":"summary_large_image","twitter_misc":{"Written by":"sharonbach","Est. reading time":"1 minute"},"schema":{"@context":"https:\/\/schema.org","@graph":[{"@type":"Article","@id":"https:\/\/ballettech.org\/fun-fact-friday\/#article","isPartOf":{"@id":"https:\/\/ballettech.org\/fun-fact-friday\/"},"author":{"name":"sharonbach","@id":"https:\/\/ballettech.org\/#\/schema\/person\/b818e504304709556a9620515c616990"},"headline":"Reyalite Vandredi!","datePublished":"2024-09-20T17:37:00+00:00","dateModified":"2024-11-16T06:24:17+00:00","mainEntityOfPage":{"@id":"https:\/\/ballettech.org\/fun-fact-friday\/"},"wordCount":216,"commentCount":0,"publisher":{"@id":"https:\/\/ballettech.org\/#organization"},"image":{"@id":"https:\/\/ballettech.org\/fun-fact-friday\/#primaryimage"},"thumbnailUrl":"https:\/\/ballettech.org\/app\/uploads\/2024\/10\/460903630_916973093798286_6944192587541990621_n.jpg","articleSection":["Uncategorized @ht"],"inLanguage":"ht","potentialAction":[{"@type":"CommentAction","name":"Comment","target":["https:\/\/ballettech.org\/fun-fact-friday\/#respond"]}]},{"@type":"WebPage","@id":"https:\/\/ballettech.org\/fun-fact-friday\/","url":"https:\/\/ballettech.org\/fun-fact-friday\/","name":"Reyalite Vandredi! - Ballet Tech","isPartOf":{"@id":"https:\/\/ballettech.org\/#website"},"primaryImageOfPage":{"@id":"https:\/\/ballettech.org\/fun-fact-friday\/#primaryimage"},"image":{"@id":"https:\/\/ballettech.org\/fun-fact-friday\/#primaryimage"},"thumbnailUrl":"https:\/\/ballettech.org\/app\/uploads\/2024\/10\/460903630_916973093798286_6944192587541990621_n.jpg","datePublished":"2024-09-20T17:37:00+00:00","dateModified":"2024-11-16T06:24:17+00:00","description":"\u00c8ske w te konnen l\u00e8 Eliot Feld te fonde lek\u00f2l Ballet Tech la an 1978, yo te rele l nouvo lek\u00f2l Ballet?","breadcrumb":{"@id":"https:\/\/ballettech.org\/fun-fact-friday\/#breadcrumb"},"inLanguage":"ht","potentialAction":[{"@type":"ReadAction","target":["https:\/\/ballettech.org\/fun-fact-friday\/"]}]},{"@type":"ImageObject","inLanguage":"ht","@id":"https:\/\/ballettech.org\/fun-fact-friday\/#primaryimage","url":"https:\/\/ballettech.org\/app\/uploads\/2024\/10\/460903630_916973093798286_6944192587541990621_n.jpg","contentUrl":"https:\/\/ballettech.org\/app\/uploads\/2024\/10\/460903630_916973093798286_6944192587541990621_n.jpg","width":1080,"height":1080},{"@type":"BreadcrumbList","@id":"https:\/\/ballettech.org\/fun-fact-friday\/#breadcrumb","itemListElement":[{"@type":"ListItem","position":1,"name":"Home","item":"https:\/\/ballettech.org\/ht\/lakay\/"},{"@type":"ListItem","position":2,"name":"Reyalite Vandredi!"}]},{"@type":"WebSite","@id":"https:\/\/ballettech.org\/#website","url":"https:\/\/ballettech.org\/","name":"Ballet Tech - The NYC Public School for Dance","description":"The NYC Public School for Dance","publisher":{"@id":"https:\/\/ballettech.org\/#organization"},"potentialAction":[{"@type":"SearchAction","target":{"@type":"EntryPoint","urlTemplate":"https:\/\/ballettech.org\/?s={search_term_string}"},"query-input":{"@type":"PropertyValueSpecification","valueRequired":true,"valueName":"search_term_string"}}],"inLanguage":"ht"},{"@type":"Organization","@id":"https:\/\/ballettech.org\/#organization","name":"Ballet Tech School","url":"https:\/\/ballettech.org\/","logo":{"@type":"ImageObject","inLanguage":"ht","@id":"https:\/\/ballettech.org\/#\/schema\/logo\/image\/","url":"https:\/\/ballettech.org\/app\/uploads\/2024\/08\/logo-BT-full-1.png","contentUrl":"https:\/\/ballettech.org\/app\/uploads\/2024\/08\/logo-BT-full-1.png","width":376,"height":129,"caption":"Ballet Tech School"},"image":{"@id":"https:\/\/ballettech.org\/#\/schema\/logo\/image\/"},"sameAs":["https:\/\/www.facebook.com\/ballettech\/","https:\/\/www.youtube.com\/channel\/UCl7ro3fdsQ1MU3ZULekOpJQ"]},{"@type":"Person","@id":"https:\/\/ballettech.org\/#\/schema\/person\/b818e504304709556a9620515c616990","name":"sharonbach","image":{"@type":"ImageObject","inLanguage":"ht","@id":"https:\/\/ballettech.org\/#\/schema\/person\/image\/","url":"https:\/\/secure.gravatar.com\/avatar\/f37cf9ec04d142b20fc00c4c0dd247f7d143ec22a4a78f4ee9a56945747082ad?s=96&d=mm&r=g","contentUrl":"https:\/\/secure.gravatar.com\/avatar\/f37cf9ec04d142b20fc00c4c0dd247f7d143ec22a4a78f4ee9a56945747082ad?s=96&d=mm&r=g","caption":"sharonbach"},"url":"https:\/\/ballettech.org\/ht\/author\/sharonbach\/"}]}},"_links":{"self":[{"href":"https:\/\/ballettech.org\/ht\/wp-json\/wp\/v2\/posts\/14730","targetHints":{"allow":["GET"]}}],"collection":[{"href":"https:\/\/ballettech.org\/ht\/wp-json\/wp\/v2\/posts"}],"about":[{"href":"https:\/\/ballettech.org\/ht\/wp-json\/wp\/v2\/types\/post"}],"author":[{"embeddable":true,"href":"https:\/\/ballettech.org\/ht\/wp-json\/wp\/v2\/users\/3"}],"replies":[{"embeddable":true,"href":"https:\/\/ballettech.org\/ht\/wp-json\/wp\/v2\/comments?post=14730"}],"version-history":[{"count":1,"href":"https:\/\/ballettech.org\/ht\/wp-json\/wp\/v2\/posts\/14730\/revisions"}],"predecessor-version":[{"id":14739,"href":"https:\/\/ballettech.org\/ht\/wp-json\/wp\/v2\/posts\/14730\/revisions\/14739"}],"wp:featuredmedia":[{"embeddable":true,"href":"https:\/\/ballettech.org\/ht\/wp-json\/wp\/v2\/media\/14732"}],"wp:attachment":[{"href":"https:\/\/ballettech.org\/ht\/wp-json\/wp\/v2\/media?parent=14730"}],"wp:term":[{"taxonomy":"category","embeddable":true,"href":"https:\/\/ballettech.org\/ht\/wp-json\/wp\/v2\/categories?post=14730"},{"taxonomy":"post_tag","embeddable":true,"href":"https:\/\/ballettech.org\/ht\/wp-json\/wp\/v2\/tags?post=14730"}],"curies":[{"name":"wp","href":"https:\/\/api.w.org\/{rel}","templated":true}]}}